{"id":1037,"date":"2026-01-15T13:52:00","date_gmt":"2026-01-15T13:52:00","guid":{"rendered":"https:\/\/forestalsylvis.com\/?p=1037"},"modified":"2026-01-29T13:09:46","modified_gmt":"2026-01-29T13:09:46","slug":"entering-2026-strategic-depth-in-a-year-of-acceleration","status":"publish","type":"post","link":"https:\/\/forestalsylvis.com\/de\/entering-2026-strategic-depth-in-a-year-of-acceleration\/","title":{"rendered":"Eintritt in das Jahr 2026: strategische Tiefe in einem Jahr der Beschleunigung"},"content":{"rendered":"<p>Das k\u00fcrzlich abgeschlossene Jahr war von einer anhaltenden Beschleunigung im Forstsektor von Paraguay gepr\u00e4gt. Kapitalfl\u00fcsse, regulatorische Entwicklungen, industrielle Kapazit\u00e4ten und internationale Aufmerksamkeit entwickelten sich parallel und ver\u00e4nderten den Rahmen, in dem langfristige Forstprojekte geplant und umgesetzt werden.<\/p>\n\n\n\n<p>F\u00fcr Forestal Sylvis erforderte dieses Umfeld einen vertieften strategischen Fokus. Das wachsende Volumen und die Vielfalt der M\u00f6glichkeiten unterstrichen die Notwendigkeit st\u00e4rkerer analytischer Modelle und pr\u00e4ziserer Managementinstrumente. Im Laufe des Jahres 2025 investierte das Unternehmen in Systeme, die das biologische Wachstum genauer quantifizieren und langfristige biologische sowie wirtschaftliche Szenarien verl\u00e4sslicher modellieren. Diese Werkzeuge st\u00e4rken die Entscheidungsfindung \u00fcber lange Investitionszeitr\u00e4ume hinweg und unterst\u00fctzen einen disziplinierten Wachstumsansatz.<\/p>\n\n\n\n<h3 class=\"wp-block-heading\">Struktureller Fortschritt im Sektor<\/h3>\n\n\n\n<p>Mehrere Entwicklungen im Jahresverlauf spiegelten eine reifere institutionelle Landschaft f\u00fcr die Forstwirtschaft in Paraguay wider.<\/p>\n\n\n\n<p>Die Regulierung von Kohlenstoffrahmenwerken schuf mehr Klarheit f\u00fcr Projekte, die internationalen Standards entsprechen, insbesondere f\u00fcr solche mit langfristigem Kapital und Umweltleistung. Auch die industrielle Expansion setzte sich fort. Die Konsolidierung moderner Holzverarbeitungskapazit\u00e4ten im Land st\u00e4rkte die Rolle der Plantagen als stabile Quelle hochwertiger Rohstoffe f\u00fcr die inl\u00e4ndische Verarbeitung und exportorientierte Wertsch\u00f6pfungsketten.<\/p>\n\n\n\n<p>Das Interesse internationaler Investoren an Zellstoff, Bioenergie und Holzwerkstoffen nahm stetig zu und signalisiert eine breitere Anerkennung Paraguays als wettbewerbsf\u00e4higen und skalierbaren Forststandort. Gleichzeitig f\u00fchrten institutionelle Reformen in der Landverwaltung zu Erwartungen h\u00f6herer Effizienz bei Prozessen rund um Nutzungsrechte und langfristige Rechtssicherheit.<\/p>\n\n\n\n<figure class=\"wp-block-image size-large\"><img fetchpriority=\"high\" decoding=\"async\" width=\"1600\" height=\"900\" src=\"https:\/\/forestalsylvis.com\/wp-content\/uploads\/2026\/01\/rodrigo-candia-edited.jpeg\" alt=\"\" class=\"wp-image-1039\" srcset=\"https:\/\/forestalsylvis.com\/wp-content\/uploads\/2026\/01\/rodrigo-candia-edited.jpeg 1600w, https:\/\/forestalsylvis.com\/wp-content\/uploads\/2026\/01\/rodrigo-candia-edited-300x169.jpeg 300w, https:\/\/forestalsylvis.com\/wp-content\/uploads\/2026\/01\/rodrigo-candia-edited-1024x576.jpeg 1024w, https:\/\/forestalsylvis.com\/wp-content\/uploads\/2026\/01\/rodrigo-candia-edited-768x432.jpeg 768w, https:\/\/forestalsylvis.com\/wp-content\/uploads\/2026\/01\/rodrigo-candia-edited-1536x864.jpeg 1536w, https:\/\/forestalsylvis.com\/wp-content\/uploads\/2026\/01\/rodrigo-candia-edited-18x10.jpeg 18w\" sizes=\"(max-width: 1600px) 100vw, 1600px\" \/><\/figure>\n\n\n\n<h3 class=\"wp-block-heading\">Exposition, Lernen und Perspektive<\/h3>\n\n\n\n<p>Das Engagement \u00fcber nationale Grenzen hinaus blieb ein wichtiger Bestandteil des Jahres. Die Teilnahme an internationalen Gesch\u00e4ftsaustauschen und technischen Besuchen erm\u00f6glichte direkte Einblicke, wie Forstwirtschaft, Industrie und Energiesysteme in reiferen M\u00e4rkten integriert sind. Diese Erfahrungen unterstrichen die Bedeutung von Gr\u00f6\u00dfe, operativer Disziplin und der r\u00e4umlichen N\u00e4he zwischen Plantagen und Verarbeitungsanlagen.<\/p>\n\n\n\n<p>Auf regionaler Ebene boten Besuche industrieller Betriebe in Nachbarl\u00e4ndern praktische Referenzpunkte f\u00fcr Effizienz, Logistik und exportorientierte Produktionsmodelle. Diese Austausche trugen zu einem klareren Verst\u00e4ndnis bei, wie sich der Forstsektor von Paraguay in breitere regionale und globale Lieferketten einf\u00fcgt.<\/p>\n\n\n\n<h3 class=\"wp-block-heading\">Institutionelle Pr\u00e4senz und Marktdialog<\/h3>\n\n\n\n<p>Im Jahr 2025 beteiligte sich Forestal Sylvis aktiv an sektorweiten Initiativen und Investitionsforen. Die Zusammenarbeit mit Branchenverb\u00e4nden, die Unterst\u00fctzung neuer Forstbetreiber sowie die Pr\u00e4sentation investitionsreifer Projekte vor internationalem Publikum waren Teil eines umfassenderen Ansatzes zur St\u00e4rkung von Marktpr\u00e4senz und Glaubw\u00fcrdigkeit.<\/p>\n\n\n\n<p>Diese Aktivit\u00e4ten f\u00f6rderten einen fortlaufenden Dialog mit Investoren, politischen Entscheidungstr\u00e4gern und Industriepartnern \u00fcber die Voraussetzungen f\u00fcr eine nachhaltige, langfristige Entwicklung der Forstwirtschaft.<\/p>\n\n\n\n<figure class=\"wp-block-image size-large\"><img decoding=\"async\" width=\"1200\" height=\"675\" src=\"https:\/\/forestalsylvis.com\/wp-content\/uploads\/2026\/01\/PHOTO-2025-06-25-10-35-26-edited.jpg\" alt=\"\" class=\"wp-image-1041\" srcset=\"https:\/\/forestalsylvis.com\/wp-content\/uploads\/2026\/01\/PHOTO-2025-06-25-10-35-26-edited.jpg 1200w, https:\/\/forestalsylvis.com\/wp-content\/uploads\/2026\/01\/PHOTO-2025-06-25-10-35-26-edited-300x169.jpg 300w, https:\/\/forestalsylvis.com\/wp-content\/uploads\/2026\/01\/PHOTO-2025-06-25-10-35-26-edited-1024x576.jpg 1024w, https:\/\/forestalsylvis.com\/wp-content\/uploads\/2026\/01\/PHOTO-2025-06-25-10-35-26-edited-768x432.jpg 768w, https:\/\/forestalsylvis.com\/wp-content\/uploads\/2026\/01\/PHOTO-2025-06-25-10-35-26-edited-18x10.jpg 18w\" sizes=\"(max-width: 1200px) 100vw, 1200px\" \/><\/figure>\n\n\n\n<h3 class=\"wp-block-heading\">St\u00e4rkung eines wertebasierten Rahmens<\/h3>\n\n\n\n<p>Einer der wichtigsten Meilensteine des Jahres war die erfolgreiche Rezertifizierung von Forestal Sylvis als B Corporation durch B Lab. Dieser Prozess bekr\u00e4ftigte das Engagement des Unternehmens, in einem Rahmen zu arbeiten, der wirtschaftliche Leistung mit messbaren sozialen und \u00f6kologischen Auswirkungen verbindet.<\/p>\n\n\n\n<p>Die Rezertifizierung steht f\u00fcr kontinuierliche Verbesserungen in den Bereichen Governance, Transparenz, Einbindung der Gemeinschaft und Umweltmanagement. Gleichzeitig st\u00e4rkt sie einen langfristigen Ansatz, der Forstwirtschaft als Instrument zur Schaffung gemeinsamen Wertes versteht und nicht als isolierte finanzielle Rendite.<\/p>\n\n\n\n<figure class=\"wp-block-gallery has-nested-images columns-default is-cropped wp-block-gallery-1 is-layout-flex wp-block-gallery-is-layout-flex\">\n<figure class=\"wp-block-image size-large\"><img decoding=\"async\" width=\"1024\" height=\"682\" data-id=\"1042\" src=\"https:\/\/forestalsylvis.com\/wp-content\/uploads\/2026\/01\/PHOTO-2025-03-27-15-39-19-1024x682.jpg\" alt=\"\" class=\"wp-image-1042\" srcset=\"https:\/\/forestalsylvis.com\/wp-content\/uploads\/2026\/01\/PHOTO-2025-03-27-15-39-19-1024x682.jpg 1024w, https:\/\/forestalsylvis.com\/wp-content\/uploads\/2026\/01\/PHOTO-2025-03-27-15-39-19-300x200.jpg 300w, https:\/\/forestalsylvis.com\/wp-content\/uploads\/2026\/01\/PHOTO-2025-03-27-15-39-19-768x512.jpg 768w, https:\/\/forestalsylvis.com\/wp-content\/uploads\/2026\/01\/PHOTO-2025-03-27-15-39-19-18x12.jpg 18w, https:\/\/forestalsylvis.com\/wp-content\/uploads\/2026\/01\/PHOTO-2025-03-27-15-39-19.jpg 1280w\" sizes=\"(max-width: 1024px) 100vw, 1024px\" \/><\/figure>\n\n\n\n<figure class=\"wp-block-image size-large\"><img loading=\"lazy\" decoding=\"async\" width=\"768\" height=\"1024\" data-id=\"1043\" src=\"https:\/\/forestalsylvis.com\/wp-content\/uploads\/2026\/01\/PHOTO-2025-08-22-16-21-12-768x1024.jpg\" alt=\"\" class=\"wp-image-1043\" srcset=\"https:\/\/forestalsylvis.com\/wp-content\/uploads\/2026\/01\/PHOTO-2025-08-22-16-21-12-768x1024.jpg 768w, https:\/\/forestalsylvis.com\/wp-content\/uploads\/2026\/01\/PHOTO-2025-08-22-16-21-12-225x300.jpg 225w, https:\/\/forestalsylvis.com\/wp-content\/uploads\/2026\/01\/PHOTO-2025-08-22-16-21-12-1152x1536.jpg 1152w, https:\/\/forestalsylvis.com\/wp-content\/uploads\/2026\/01\/PHOTO-2025-08-22-16-21-12-9x12.jpg 9w, https:\/\/forestalsylvis.com\/wp-content\/uploads\/2026\/01\/PHOTO-2025-08-22-16-21-12.jpg 1200w\" sizes=\"(max-width: 768px) 100vw, 768px\" \/><\/figure>\n\n\n\n<figure class=\"wp-block-image size-large\"><img loading=\"lazy\" decoding=\"async\" width=\"1024\" height=\"768\" data-id=\"1045\" src=\"https:\/\/forestalsylvis.com\/wp-content\/uploads\/2026\/01\/PHOTO-2025-10-21-12-49-13-1024x768.jpg\" alt=\"\" class=\"wp-image-1045\" srcset=\"https:\/\/forestalsylvis.com\/wp-content\/uploads\/2026\/01\/PHOTO-2025-10-21-12-49-13-1024x768.jpg 1024w, https:\/\/forestalsylvis.com\/wp-content\/uploads\/2026\/01\/PHOTO-2025-10-21-12-49-13-300x225.jpg 300w, https:\/\/forestalsylvis.com\/wp-content\/uploads\/2026\/01\/PHOTO-2025-10-21-12-49-13-768x576.jpg 768w, https:\/\/forestalsylvis.com\/wp-content\/uploads\/2026\/01\/PHOTO-2025-10-21-12-49-13-1536x1152.jpg 1536w, https:\/\/forestalsylvis.com\/wp-content\/uploads\/2026\/01\/PHOTO-2025-10-21-12-49-13-16x12.jpg 16w, https:\/\/forestalsylvis.com\/wp-content\/uploads\/2026\/01\/PHOTO-2025-10-21-12-49-13.jpg 1600w\" sizes=\"(max-width: 1024px) 100vw, 1024px\" \/><\/figure>\n\n\n\n<figure class=\"wp-block-image size-large\"><img loading=\"lazy\" decoding=\"async\" width=\"1024\" height=\"768\" data-id=\"1046\" src=\"https:\/\/forestalsylvis.com\/wp-content\/uploads\/2026\/01\/PHOTO-2025-11-19-18-28-25-1024x768.jpg\" alt=\"\" class=\"wp-image-1046\" srcset=\"https:\/\/forestalsylvis.com\/wp-content\/uploads\/2026\/01\/PHOTO-2025-11-19-18-28-25-1024x768.jpg 1024w, https:\/\/forestalsylvis.com\/wp-content\/uploads\/2026\/01\/PHOTO-2025-11-19-18-28-25-300x225.jpg 300w, https:\/\/forestalsylvis.com\/wp-content\/uploads\/2026\/01\/PHOTO-2025-11-19-18-28-25-768x576.jpg 768w, https:\/\/forestalsylvis.com\/wp-content\/uploads\/2026\/01\/PHOTO-2025-11-19-18-28-25-1536x1152.jpg 1536w, https:\/\/forestalsylvis.com\/wp-content\/uploads\/2026\/01\/PHOTO-2025-11-19-18-28-25-16x12.jpg 16w, https:\/\/forestalsylvis.com\/wp-content\/uploads\/2026\/01\/PHOTO-2025-11-19-18-28-25.jpg 1600w\" sizes=\"(max-width: 1024px) 100vw, 1024px\" \/><\/figure>\n\n\n\n<figure class=\"wp-block-image size-large\"><img loading=\"lazy\" decoding=\"async\" width=\"1024\" height=\"768\" data-id=\"1044\" src=\"https:\/\/forestalsylvis.com\/wp-content\/uploads\/2026\/01\/PHOTO-2025-12-20-14-34-50-1024x768.jpg\" alt=\"\" class=\"wp-image-1044\" srcset=\"https:\/\/forestalsylvis.com\/wp-content\/uploads\/2026\/01\/PHOTO-2025-12-20-14-34-50-1024x768.jpg 1024w, https:\/\/forestalsylvis.com\/wp-content\/uploads\/2026\/01\/PHOTO-2025-12-20-14-34-50-300x225.jpg 300w, https:\/\/forestalsylvis.com\/wp-content\/uploads\/2026\/01\/PHOTO-2025-12-20-14-34-50-768x576.jpg 768w, https:\/\/forestalsylvis.com\/wp-content\/uploads\/2026\/01\/PHOTO-2025-12-20-14-34-50-1536x1152.jpg 1536w, https:\/\/forestalsylvis.com\/wp-content\/uploads\/2026\/01\/PHOTO-2025-12-20-14-34-50-16x12.jpg 16w, https:\/\/forestalsylvis.com\/wp-content\/uploads\/2026\/01\/PHOTO-2025-12-20-14-34-50.jpg 1600w\" sizes=\"(max-width: 1024px) 100vw, 1024px\" \/><\/figure>\n<\/figure>\n\n\n\n<h3 class=\"wp-block-heading\">Von der Planung zur Umsetzung<\/h3>\n\n\n\n<p>Operativ lieferte das Jahr konkrete Ergebnisse. Die mit Forestal Sylvis verbundenen Plantagen belieferten industrielle Verarbeitungsanlagen mit Holz und erf\u00fcllten anspruchsvolle Qualit\u00e4tsanforderungen sowohl f\u00fcr den Inlandsmarkt als auch f\u00fcr den Export. Biomasse trug zur Energieerzeugung bei, und Rundholz ging in weiterf\u00fchrende Verarbeitungsprozesse \u00fcber, die innerhalb der lokalen Wirtschaft zus\u00e4tzlichen Mehrwert schufen.<\/p>\n\n\n\n<p>Diese Ergebnisse unterstrichen die Bedeutung einer koordinierten Planung zwischen Plantagen, Logistik und Industrie sowie die Vorteile langfristiger Beziehungen zwischen Land, Kapital und Verarbeitungskapazit\u00e4ten.<\/p>\n\n\n\n<figure class=\"wp-block-image size-large\"><img loading=\"lazy\" decoding=\"async\" width=\"1024\" height=\"682\" src=\"https:\/\/forestalsylvis.com\/wp-content\/uploads\/2026\/01\/PHOTO-2025-04-30-17-41-24-1024x682.jpg\" alt=\"\" class=\"wp-image-1047\" srcset=\"https:\/\/forestalsylvis.com\/wp-content\/uploads\/2026\/01\/PHOTO-2025-04-30-17-41-24-1024x682.jpg 1024w, https:\/\/forestalsylvis.com\/wp-content\/uploads\/2026\/01\/PHOTO-2025-04-30-17-41-24-300x200.jpg 300w, https:\/\/forestalsylvis.com\/wp-content\/uploads\/2026\/01\/PHOTO-2025-04-30-17-41-24-768x512.jpg 768w, https:\/\/forestalsylvis.com\/wp-content\/uploads\/2026\/01\/PHOTO-2025-04-30-17-41-24-1536x1023.jpg 1536w, https:\/\/forestalsylvis.com\/wp-content\/uploads\/2026\/01\/PHOTO-2025-04-30-17-41-24-18x12.jpg 18w, https:\/\/forestalsylvis.com\/wp-content\/uploads\/2026\/01\/PHOTO-2025-04-30-17-41-24.jpg 1600w\" sizes=\"(max-width: 1024px) 100vw, 1024px\" \/><\/figure>\n\n\n\n<h3 class=\"wp-block-heading\">Blick auf 2026<\/h3>\n\n\n\n<p>Mit Beginn des Jahres 2026 entwickelt sich der Forstsektor in Paraguay weiter in Richtung gr\u00f6\u00dferer Skalierung, h\u00f6herer Standards und tieferer Integration in globale M\u00e4rkte. Forestal Sylvis tritt in diese Phase mit gest\u00e4rkten analytischen Instrumenten, erweiterter Erfahrung und einem klaren Bekenntnis zur langfristigen Wertsch\u00f6pfung ein.<\/p>\n\n\n\n<p>Die bevorstehende Arbeit basiert auf disziplinierter Umsetzung, strategischen Partnerschaften und einem konsequenten Fokus auf Projekte, die \u00fcber Jahrzehnte hinweg Bestand haben und nicht nur kurzfristige Zyklen bedienen.<\/p>\n\n\n\n<p><\/p>","protected":false},"excerpt":{"rendered":"<p>The year just concluded marked a period of sustained acceleration across Paraguay\u2019s forestry sector. Capital flows, regulatory developments, industrial capacity, and international attention advanced in parallel, reshaping the context in which long-term forestry projects are planned and executed. For Forestal Sylvis, this environment required a deeper strategic focus. The growing volume and diversity of opportunities [&hellip;]<\/p>","protected":false},"author":2,"featured_media":1039,"comment_status":"open","ping_status":"open","sticky":false,"template":"","format":"standard","meta":{"footnotes":""},"categories":[18,21,17],"tags":[],"class_list":["post-1037","post","type-post","status-publish","format-standard","has-post-thumbnail","hentry","category-forestry-investment-markets","category-impact-communities","category-visibility-reach"],"_links":{"self":[{"href":"https:\/\/forestalsylvis.com\/de\/wp-json\/wp\/v2\/posts\/1037","targetHints":{"allow":["GET"]}}],"collection":[{"href":"https:\/\/forestalsylvis.com\/de\/wp-json\/wp\/v2\/posts"}],"about":[{"href":"https:\/\/forestalsylvis.com\/de\/wp-json\/wp\/v2\/types\/post"}],"author":[{"embeddable":true,"href":"https:\/\/forestalsylvis.com\/de\/wp-json\/wp\/v2\/users\/2"}],"replies":[{"embeddable":true,"href":"https:\/\/forestalsylvis.com\/de\/wp-json\/wp\/v2\/comments?post=1037"}],"version-history":[{"count":1,"href":"https:\/\/forestalsylvis.com\/de\/wp-json\/wp\/v2\/posts\/1037\/revisions"}],"predecessor-version":[{"id":1048,"href":"https:\/\/forestalsylvis.com\/de\/wp-json\/wp\/v2\/posts\/1037\/revisions\/1048"}],"wp:featuredmedia":[{"embeddable":true,"href":"https:\/\/forestalsylvis.com\/de\/wp-json\/wp\/v2\/media\/1039"}],"wp:attachment":[{"href":"https:\/\/forestalsylvis.com\/de\/wp-json\/wp\/v2\/media?parent=1037"}],"wp:term":[{"taxonomy":"category","embeddable":true,"href":"https:\/\/forestalsylvis.com\/de\/wp-json\/wp\/v2\/categories?post=1037"},{"taxonomy":"post_tag","embeddable":true,"href":"https:\/\/forestalsylvis.com\/de\/wp-json\/wp\/v2\/tags?post=1037"}],"curies":[{"name":"wp","href":"https:\/\/api.w.org\/{rel}","templated":true}]}}