{"id":1037,"date":"2026-01-15T13:52:00","date_gmt":"2026-01-15T13:52:00","guid":{"rendered":"https:\/\/forestalsylvis.com\/?p=1037"},"modified":"2026-01-29T13:09:46","modified_gmt":"2026-01-29T13:09:46","slug":"entering-2026-strategic-depth-in-a-year-of-acceleration","status":"publish","type":"post","link":"https:\/\/forestalsylvis.com\/es\/entering-2026-strategic-depth-in-a-year-of-acceleration\/","title":{"rendered":"Ingresando a 2026: profundidad estrat\u00e9gica en un a\u00f1o de aceleraci\u00f3n"},"content":{"rendered":"<p>El a\u00f1o recientemente concluido marc\u00f3 un per\u00edodo de aceleraci\u00f3n sostenida en el sector forestal de Paraguay. Los flujos de capital, los avances regulatorios, la capacidad industrial y la atenci\u00f3n internacional progresaron en paralelo, redefiniendo el contexto en el que se planifican y ejecutan los proyectos forestales de largo plazo.<\/p>\n\n\n\n<p>Para Forestal Sylvis, este entorno exigi\u00f3 un enfoque estrat\u00e9gico m\u00e1s profundo. El creciente volumen y la diversidad de oportunidades reforzaron la necesidad de marcos anal\u00edticos m\u00e1s s\u00f3lidos y herramientas de gesti\u00f3n m\u00e1s precisas. A lo largo de 2025, la compa\u00f1\u00eda invirti\u00f3 en sistemas dise\u00f1ados para cuantificar el crecimiento biol\u00f3gico con mayor exactitud y modelar escenarios biol\u00f3gicos y econ\u00f3micos de largo plazo con mayor confiabilidad. Estas herramientas fortalecen la toma de decisiones en horizontes de inversi\u00f3n extendidos y respaldan un enfoque de crecimiento m\u00e1s disciplinado.<\/p>\n\n\n\n<h3 class=\"wp-block-heading\">Progreso estructural en el sector<\/h3>\n\n\n\n<p>Varios avances durante el a\u00f1o reflejaron un ecosistema institucional forestal m\u00e1s maduro en Paraguay.<\/p>\n\n\n\n<p>La regulaci\u00f3n de marcos vinculados al carbono introdujo mayores niveles de claridad para proyectos alineados con est\u00e1ndares internacionales, especialmente aquellos que involucran capital de largo plazo y desempe\u00f1o ambiental. La expansi\u00f3n industrial tambi\u00e9n continu\u00f3 tomando forma. La consolidaci\u00f3n de capacidades avanzadas de procesamiento de madera dentro del pa\u00eds reforz\u00f3 el rol de las plantaciones como una fuente estable de materia prima de alta calidad para la transformaci\u00f3n local y cadenas de valor orientadas a la exportaci\u00f3n.<\/p>\n\n\n\n<p>El inter\u00e9s de inversores internacionales en pulpa, bioenerg\u00eda y productos de madera ingenierizada creci\u00f3 de manera sostenida, se\u00f1alando un reconocimiento m\u00e1s amplio de Paraguay como un destino forestal competitivo y escalable. En paralelo, reformas institucionales en la administraci\u00f3n de tierras generaron expectativas de mayor eficiencia en los procesos relacionados con derechos de superficie y seguridad jur\u00eddica de largo plazo.<\/p>\n\n\n\n<figure class=\"wp-block-image size-large\"><img fetchpriority=\"high\" decoding=\"async\" width=\"1600\" height=\"900\" src=\"https:\/\/forestalsylvis.com\/wp-content\/uploads\/2026\/01\/rodrigo-candia-edited.jpeg\" alt=\"\" class=\"wp-image-1039\" srcset=\"https:\/\/forestalsylvis.com\/wp-content\/uploads\/2026\/01\/rodrigo-candia-edited.jpeg 1600w, https:\/\/forestalsylvis.com\/wp-content\/uploads\/2026\/01\/rodrigo-candia-edited-300x169.jpeg 300w, https:\/\/forestalsylvis.com\/wp-content\/uploads\/2026\/01\/rodrigo-candia-edited-1024x576.jpeg 1024w, https:\/\/forestalsylvis.com\/wp-content\/uploads\/2026\/01\/rodrigo-candia-edited-768x432.jpeg 768w, https:\/\/forestalsylvis.com\/wp-content\/uploads\/2026\/01\/rodrigo-candia-edited-1536x864.jpeg 1536w, https:\/\/forestalsylvis.com\/wp-content\/uploads\/2026\/01\/rodrigo-candia-edited-18x10.jpeg 18w\" sizes=\"(max-width: 1600px) 100vw, 1600px\" \/><\/figure>\n\n\n\n<h3 class=\"wp-block-heading\">Exposici\u00f3n, aprendizaje y perspectiva<\/h3>\n\n\n\n<p>La vinculaci\u00f3n m\u00e1s all\u00e1 de las fronteras nacionales se mantuvo como un componente relevante del a\u00f1o. La participaci\u00f3n en intercambios empresariales internacionales y visitas t\u00e9cnicas permiti\u00f3 obtener una visi\u00f3n directa de c\u00f3mo la actividad forestal, la industria y los sistemas energ\u00e9ticos se integran en mercados m\u00e1s maduros. Estas experiencias reforzaron la importancia de la escala, la disciplina operativa y la proximidad entre las plantaciones y las plantas de procesamiento.<\/p>\n\n\n\n<p>A nivel regional, las visitas a operaciones industriales en pa\u00edses vecinos aportaron referencias pr\u00e1cticas sobre eficiencia, log\u00edstica y modelos de producci\u00f3n orientados a la exportaci\u00f3n. Estos intercambios contribuyeron a una comprensi\u00f3n m\u00e1s clara de c\u00f3mo el sector forestal de Paraguay se inserta en din\u00e1micas de abastecimiento regionales y globales.<\/p>\n\n\n\n<h3 class=\"wp-block-heading\">Presencia institucional y di\u00e1logo con el mercado<\/h3>\n\n\n\n<p>Durante 2025, Forestal Sylvis mantuvo una participaci\u00f3n activa en iniciativas sectoriales y foros de inversi\u00f3n. La vinculaci\u00f3n con asociaciones del sector, el apoyo al ingreso de nuevos operadores forestales y la presentaci\u00f3n de proyectos listos para inversi\u00f3n ante audiencias internacionales formaron parte de un esfuerzo m\u00e1s amplio por fortalecer la visibilidad y la credibilidad en el mercado.<\/p>\n\n\n\n<p>Estas actividades impulsaron un di\u00e1logo continuo con inversores, responsables de pol\u00edticas p\u00fablicas y socios de la industria sobre las condiciones necesarias para un desarrollo forestal sostenible y de largo plazo.<\/p>\n\n\n\n<figure class=\"wp-block-image size-large\"><img decoding=\"async\" width=\"1200\" height=\"675\" src=\"https:\/\/forestalsylvis.com\/wp-content\/uploads\/2026\/01\/PHOTO-2025-06-25-10-35-26-edited.jpg\" alt=\"\" class=\"wp-image-1041\" srcset=\"https:\/\/forestalsylvis.com\/wp-content\/uploads\/2026\/01\/PHOTO-2025-06-25-10-35-26-edited.jpg 1200w, https:\/\/forestalsylvis.com\/wp-content\/uploads\/2026\/01\/PHOTO-2025-06-25-10-35-26-edited-300x169.jpg 300w, https:\/\/forestalsylvis.com\/wp-content\/uploads\/2026\/01\/PHOTO-2025-06-25-10-35-26-edited-1024x576.jpg 1024w, https:\/\/forestalsylvis.com\/wp-content\/uploads\/2026\/01\/PHOTO-2025-06-25-10-35-26-edited-768x432.jpg 768w, https:\/\/forestalsylvis.com\/wp-content\/uploads\/2026\/01\/PHOTO-2025-06-25-10-35-26-edited-18x10.jpg 18w\" sizes=\"(max-width: 1200px) 100vw, 1200px\" \/><\/figure>\n\n\n\n<h3 class=\"wp-block-heading\">Reforzando un marco basado en valores<\/h3>\n\n\n\n<p>Uno de los hitos m\u00e1s relevantes del a\u00f1o fue la recertificaci\u00f3n exitosa de Forestal Sylvis como B Lab B Corporation. Este proceso reafirm\u00f3 el compromiso de la compa\u00f1\u00eda de operar bajo un marco que integra el desempe\u00f1o econ\u00f3mico con impactos sociales y ambientales medibles.<\/p>\n\n\n\n<p>La recertificaci\u00f3n refleja una mejora continua en gobernanza, transparencia, vinculaci\u00f3n comunitaria y gesti\u00f3n ambiental. Tambi\u00e9n consolida un enfoque de largo plazo que entiende la actividad forestal como una herramienta para generar valor compartido, en lugar de retornos financieros aislados.<\/p>\n\n\n\n<figure class=\"wp-block-gallery has-nested-images columns-default is-cropped wp-block-gallery-1 is-layout-flex wp-block-gallery-is-layout-flex\">\n<figure class=\"wp-block-image size-large\"><img decoding=\"async\" width=\"1024\" height=\"682\" data-id=\"1042\" src=\"https:\/\/forestalsylvis.com\/wp-content\/uploads\/2026\/01\/PHOTO-2025-03-27-15-39-19-1024x682.jpg\" alt=\"\" class=\"wp-image-1042\" srcset=\"https:\/\/forestalsylvis.com\/wp-content\/uploads\/2026\/01\/PHOTO-2025-03-27-15-39-19-1024x682.jpg 1024w, https:\/\/forestalsylvis.com\/wp-content\/uploads\/2026\/01\/PHOTO-2025-03-27-15-39-19-300x200.jpg 300w, https:\/\/forestalsylvis.com\/wp-content\/uploads\/2026\/01\/PHOTO-2025-03-27-15-39-19-768x512.jpg 768w, https:\/\/forestalsylvis.com\/wp-content\/uploads\/2026\/01\/PHOTO-2025-03-27-15-39-19-18x12.jpg 18w, https:\/\/forestalsylvis.com\/wp-content\/uploads\/2026\/01\/PHOTO-2025-03-27-15-39-19.jpg 1280w\" sizes=\"(max-width: 1024px) 100vw, 1024px\" \/><\/figure>\n\n\n\n<figure class=\"wp-block-image size-large\"><img loading=\"lazy\" decoding=\"async\" width=\"768\" height=\"1024\" data-id=\"1043\" src=\"https:\/\/forestalsylvis.com\/wp-content\/uploads\/2026\/01\/PHOTO-2025-08-22-16-21-12-768x1024.jpg\" alt=\"\" class=\"wp-image-1043\" srcset=\"https:\/\/forestalsylvis.com\/wp-content\/uploads\/2026\/01\/PHOTO-2025-08-22-16-21-12-768x1024.jpg 768w, https:\/\/forestalsylvis.com\/wp-content\/uploads\/2026\/01\/PHOTO-2025-08-22-16-21-12-225x300.jpg 225w, https:\/\/forestalsylvis.com\/wp-content\/uploads\/2026\/01\/PHOTO-2025-08-22-16-21-12-1152x1536.jpg 1152w, https:\/\/forestalsylvis.com\/wp-content\/uploads\/2026\/01\/PHOTO-2025-08-22-16-21-12-9x12.jpg 9w, https:\/\/forestalsylvis.com\/wp-content\/uploads\/2026\/01\/PHOTO-2025-08-22-16-21-12.jpg 1200w\" sizes=\"(max-width: 768px) 100vw, 768px\" \/><\/figure>\n\n\n\n<figure class=\"wp-block-image size-large\"><img loading=\"lazy\" decoding=\"async\" width=\"1024\" height=\"768\" data-id=\"1045\" src=\"https:\/\/forestalsylvis.com\/wp-content\/uploads\/2026\/01\/PHOTO-2025-10-21-12-49-13-1024x768.jpg\" alt=\"\" class=\"wp-image-1045\" srcset=\"https:\/\/forestalsylvis.com\/wp-content\/uploads\/2026\/01\/PHOTO-2025-10-21-12-49-13-1024x768.jpg 1024w, https:\/\/forestalsylvis.com\/wp-content\/uploads\/2026\/01\/PHOTO-2025-10-21-12-49-13-300x225.jpg 300w, https:\/\/forestalsylvis.com\/wp-content\/uploads\/2026\/01\/PHOTO-2025-10-21-12-49-13-768x576.jpg 768w, https:\/\/forestalsylvis.com\/wp-content\/uploads\/2026\/01\/PHOTO-2025-10-21-12-49-13-1536x1152.jpg 1536w, https:\/\/forestalsylvis.com\/wp-content\/uploads\/2026\/01\/PHOTO-2025-10-21-12-49-13-16x12.jpg 16w, https:\/\/forestalsylvis.com\/wp-content\/uploads\/2026\/01\/PHOTO-2025-10-21-12-49-13.jpg 1600w\" sizes=\"(max-width: 1024px) 100vw, 1024px\" \/><\/figure>\n\n\n\n<figure class=\"wp-block-image size-large\"><img loading=\"lazy\" decoding=\"async\" width=\"1024\" height=\"768\" data-id=\"1046\" src=\"https:\/\/forestalsylvis.com\/wp-content\/uploads\/2026\/01\/PHOTO-2025-11-19-18-28-25-1024x768.jpg\" alt=\"\" class=\"wp-image-1046\" srcset=\"https:\/\/forestalsylvis.com\/wp-content\/uploads\/2026\/01\/PHOTO-2025-11-19-18-28-25-1024x768.jpg 1024w, https:\/\/forestalsylvis.com\/wp-content\/uploads\/2026\/01\/PHOTO-2025-11-19-18-28-25-300x225.jpg 300w, https:\/\/forestalsylvis.com\/wp-content\/uploads\/2026\/01\/PHOTO-2025-11-19-18-28-25-768x576.jpg 768w, https:\/\/forestalsylvis.com\/wp-content\/uploads\/2026\/01\/PHOTO-2025-11-19-18-28-25-1536x1152.jpg 1536w, https:\/\/forestalsylvis.com\/wp-content\/uploads\/2026\/01\/PHOTO-2025-11-19-18-28-25-16x12.jpg 16w, https:\/\/forestalsylvis.com\/wp-content\/uploads\/2026\/01\/PHOTO-2025-11-19-18-28-25.jpg 1600w\" sizes=\"(max-width: 1024px) 100vw, 1024px\" \/><\/figure>\n\n\n\n<figure class=\"wp-block-image size-large\"><img loading=\"lazy\" decoding=\"async\" width=\"1024\" height=\"768\" data-id=\"1044\" src=\"https:\/\/forestalsylvis.com\/wp-content\/uploads\/2026\/01\/PHOTO-2025-12-20-14-34-50-1024x768.jpg\" alt=\"\" class=\"wp-image-1044\" srcset=\"https:\/\/forestalsylvis.com\/wp-content\/uploads\/2026\/01\/PHOTO-2025-12-20-14-34-50-1024x768.jpg 1024w, https:\/\/forestalsylvis.com\/wp-content\/uploads\/2026\/01\/PHOTO-2025-12-20-14-34-50-300x225.jpg 300w, https:\/\/forestalsylvis.com\/wp-content\/uploads\/2026\/01\/PHOTO-2025-12-20-14-34-50-768x576.jpg 768w, https:\/\/forestalsylvis.com\/wp-content\/uploads\/2026\/01\/PHOTO-2025-12-20-14-34-50-1536x1152.jpg 1536w, https:\/\/forestalsylvis.com\/wp-content\/uploads\/2026\/01\/PHOTO-2025-12-20-14-34-50-16x12.jpg 16w, https:\/\/forestalsylvis.com\/wp-content\/uploads\/2026\/01\/PHOTO-2025-12-20-14-34-50.jpg 1600w\" sizes=\"(max-width: 1024px) 100vw, 1024px\" \/><\/figure>\n<\/figure>\n\n\n\n<h3 class=\"wp-block-heading\">De la planificaci\u00f3n a la ejecuci\u00f3n<\/h3>\n\n\n\n<p>En t\u00e9rminos operativos, el a\u00f1o entreg\u00f3 resultados concretos. Las plantaciones asociadas a Forestal Sylvis abastecieron de madera a plantas industriales de procesamiento, cumpliendo exigentes est\u00e1ndares de calidad tanto para el mercado local como para la exportaci\u00f3n. La biomasa contribuy\u00f3 a la generaci\u00f3n de energ\u00eda y los rollos ingresaron a procesos de transformaci\u00f3n secundaria que agregaron valor dentro de la econom\u00eda local.<\/p>\n\n\n\n<p>Estos resultados evidenciaron la importancia de una planificaci\u00f3n coordinada entre plantaciones, log\u00edstica e industria, as\u00ed como los beneficios de relaciones de largo plazo entre la tierra, el capital y la capacidad de procesamiento.<\/p>\n\n\n\n<figure class=\"wp-block-image size-large\"><img loading=\"lazy\" decoding=\"async\" width=\"1024\" height=\"682\" src=\"https:\/\/forestalsylvis.com\/wp-content\/uploads\/2026\/01\/PHOTO-2025-04-30-17-41-24-1024x682.jpg\" alt=\"\" class=\"wp-image-1047\" srcset=\"https:\/\/forestalsylvis.com\/wp-content\/uploads\/2026\/01\/PHOTO-2025-04-30-17-41-24-1024x682.jpg 1024w, https:\/\/forestalsylvis.com\/wp-content\/uploads\/2026\/01\/PHOTO-2025-04-30-17-41-24-300x200.jpg 300w, https:\/\/forestalsylvis.com\/wp-content\/uploads\/2026\/01\/PHOTO-2025-04-30-17-41-24-768x512.jpg 768w, https:\/\/forestalsylvis.com\/wp-content\/uploads\/2026\/01\/PHOTO-2025-04-30-17-41-24-1536x1023.jpg 1536w, https:\/\/forestalsylvis.com\/wp-content\/uploads\/2026\/01\/PHOTO-2025-04-30-17-41-24-18x12.jpg 18w, https:\/\/forestalsylvis.com\/wp-content\/uploads\/2026\/01\/PHOTO-2025-04-30-17-41-24.jpg 1600w\" sizes=\"(max-width: 1024px) 100vw, 1024px\" \/><\/figure>\n\n\n\n<h3 class=\"wp-block-heading\">Mirando hacia 2026<\/h3>\n\n\n\n<p>A medida que comienza 2026, el sector forestal de Paraguay contin\u00faa evolucionando hacia una mayor escala, est\u00e1ndares m\u00e1s exigentes y una integraci\u00f3n m\u00e1s profunda con los mercados globales. Forestal Sylvis inicia esta etapa con herramientas anal\u00edticas fortalecidas, mayor experiencia y un compromiso claro con la creaci\u00f3n de valor a largo plazo.<\/p>\n\n\n\n<p>El trabajo por delante se sostiene en una ejecuci\u00f3n disciplinada, alianzas estrat\u00e9gicas y un enfoque constante en proyectos dise\u00f1ados para rendir durante d\u00e9cadas, no solo en ciclos.<\/p>\n\n\n\n<p><\/p>","protected":false},"excerpt":{"rendered":"<p>The year just concluded marked a period of sustained acceleration across Paraguay\u2019s forestry sector. Capital flows, regulatory developments, industrial capacity, and international attention advanced in parallel, reshaping the context in which long-term forestry projects are planned and executed. For Forestal Sylvis, this environment required a deeper strategic focus. The growing volume and diversity of opportunities [&hellip;]<\/p>","protected":false},"author":2,"featured_media":1039,"comment_status":"open","ping_status":"open","sticky":false,"template":"","format":"standard","meta":{"footnotes":""},"categories":[18,21,17],"tags":[],"class_list":["post-1037","post","type-post","status-publish","format-standard","has-post-thumbnail","hentry","category-forestry-investment-markets","category-impact-communities","category-visibility-reach"],"_links":{"self":[{"href":"https:\/\/forestalsylvis.com\/es\/wp-json\/wp\/v2\/posts\/1037","targetHints":{"allow":["GET"]}}],"collection":[{"href":"https:\/\/forestalsylvis.com\/es\/wp-json\/wp\/v2\/posts"}],"about":[{"href":"https:\/\/forestalsylvis.com\/es\/wp-json\/wp\/v2\/types\/post"}],"author":[{"embeddable":true,"href":"https:\/\/forestalsylvis.com\/es\/wp-json\/wp\/v2\/users\/2"}],"replies":[{"embeddable":true,"href":"https:\/\/forestalsylvis.com\/es\/wp-json\/wp\/v2\/comments?post=1037"}],"version-history":[{"count":1,"href":"https:\/\/forestalsylvis.com\/es\/wp-json\/wp\/v2\/posts\/1037\/revisions"}],"predecessor-version":[{"id":1048,"href":"https:\/\/forestalsylvis.com\/es\/wp-json\/wp\/v2\/posts\/1037\/revisions\/1048"}],"wp:featuredmedia":[{"embeddable":true,"href":"https:\/\/forestalsylvis.com\/es\/wp-json\/wp\/v2\/media\/1039"}],"wp:attachment":[{"href":"https:\/\/forestalsylvis.com\/es\/wp-json\/wp\/v2\/media?parent=1037"}],"wp:term":[{"taxonomy":"category","embeddable":true,"href":"https:\/\/forestalsylvis.com\/es\/wp-json\/wp\/v2\/categories?post=1037"},{"taxonomy":"post_tag","embeddable":true,"href":"https:\/\/forestalsylvis.com\/es\/wp-json\/wp\/v2\/tags?post=1037"}],"curies":[{"name":"wp","href":"https:\/\/api.w.org\/{rel}","templated":true}]}}