{"id":959,"date":"2025-09-14T13:54:00","date_gmt":"2025-09-14T13:54:00","guid":{"rendered":"https:\/\/forestalsylvis.com\/?p=959"},"modified":"2026-01-13T19:23:34","modified_gmt":"2026-01-13T19:23:34","slug":"expo-madera-2025-a-growing-and-consolidating-sector","status":"publish","type":"post","link":"https:\/\/forestalsylvis.com\/pt\/expo-madera-2025-a-growing-and-consolidating-sector\/","title":{"rendered":"Expo Madera 2025: um setor em crescimento e consolida\u00e7\u00e3o"},"content":{"rendered":"<p>The 5th edition of Expo Madera once again demonstrated that Paraguay\u2019s forestry sector is entering a decisive stage. Each year, the event brings together companies, experts, and institutions to discuss the present and future of an industry that is increasingly becoming a driver of jobs, innovation, and sustainable development.<\/p>\n\n\n<div class=\"wp-block-image\">\n<figure class=\"aligncenter size-large is-resized\"><img fetchpriority=\"high\" decoding=\"async\" width=\"2560\" height=\"1920\" src=\"https:\/\/forestalsylvis.com\/wp-content\/uploads\/2025\/09\/WhatsApp-Image-2025-09-12-at-20.44.46-1-edited-scaled.jpeg\" alt=\"\" class=\"wp-image-962\" style=\"width:530px;height:auto\" srcset=\"https:\/\/forestalsylvis.com\/wp-content\/uploads\/2025\/09\/WhatsApp-Image-2025-09-12-at-20.44.46-1-edited-scaled.jpeg 2560w, https:\/\/forestalsylvis.com\/wp-content\/uploads\/2025\/09\/WhatsApp-Image-2025-09-12-at-20.44.46-1-edited-300x225.jpeg 300w, https:\/\/forestalsylvis.com\/wp-content\/uploads\/2025\/09\/WhatsApp-Image-2025-09-12-at-20.44.46-1-edited-1024x768.jpeg 1024w, https:\/\/forestalsylvis.com\/wp-content\/uploads\/2025\/09\/WhatsApp-Image-2025-09-12-at-20.44.46-1-edited-768x576.jpeg 768w, https:\/\/forestalsylvis.com\/wp-content\/uploads\/2025\/09\/WhatsApp-Image-2025-09-12-at-20.44.46-1-edited-1536x1152.jpeg 1536w, https:\/\/forestalsylvis.com\/wp-content\/uploads\/2025\/09\/WhatsApp-Image-2025-09-12-at-20.44.46-1-edited-2048x1536.jpeg 2048w, https:\/\/forestalsylvis.com\/wp-content\/uploads\/2025\/09\/WhatsApp-Image-2025-09-12-at-20.44.46-1-edited-16x12.jpeg 16w\" sizes=\"(max-width: 2560px) 100vw, 2560px\" \/><figcaption class=\"wp-element-caption\">El equipo de Forestal Sylvis y petricor en nuestro stand compartido en la Expo Madera 2025.<\/figcaption><\/figure>\n<\/div>\n\n\n<p>Forestal Sylvis and bicomplejo petricor shared a stand at the exhibition, reinforcing our vision of an integrated value chain: from eucalyptus plantations under silvopastoral systems to industrial transformation into plywood. Our president, Ra\u00fal Gauto, also took an active role in two panels: moderating the debate on <strong>carbon credits<\/strong> and joining the discussion on the <strong>solid wood, pulp, and composite industry<\/strong>.<\/p>\n\n\n\n<figure class=\"wp-block-gallery has-nested-images columns-default is-cropped wp-block-gallery-1 is-layout-flex wp-block-gallery-is-layout-flex\">\n<figure class=\"wp-block-image size-large\"><img decoding=\"async\" width=\"1024\" height=\"576\" data-id=\"963\" src=\"https:\/\/forestalsylvis.com\/wp-content\/uploads\/2025\/09\/4F35A3D7-B49D-40F6-A2DE-8F45BC0F7414-1024x576.jpeg\" alt=\"\" class=\"wp-image-963\" srcset=\"https:\/\/forestalsylvis.com\/wp-content\/uploads\/2025\/09\/4F35A3D7-B49D-40F6-A2DE-8F45BC0F7414-1024x576.jpeg 1024w, https:\/\/forestalsylvis.com\/wp-content\/uploads\/2025\/09\/4F35A3D7-B49D-40F6-A2DE-8F45BC0F7414-300x169.jpeg 300w, https:\/\/forestalsylvis.com\/wp-content\/uploads\/2025\/09\/4F35A3D7-B49D-40F6-A2DE-8F45BC0F7414-768x432.jpeg 768w, https:\/\/forestalsylvis.com\/wp-content\/uploads\/2025\/09\/4F35A3D7-B49D-40F6-A2DE-8F45BC0F7414-1536x864.jpeg 1536w, https:\/\/forestalsylvis.com\/wp-content\/uploads\/2025\/09\/4F35A3D7-B49D-40F6-A2DE-8F45BC0F7414-2048x1152.jpeg 2048w, https:\/\/forestalsylvis.com\/wp-content\/uploads\/2025\/09\/4F35A3D7-B49D-40F6-A2DE-8F45BC0F7414-18x10.jpeg 18w\" sizes=\"(max-width: 1024px) 100vw, 1024px\" \/><figcaption class=\"wp-element-caption\">Ra\u00fal Gauto moderando el panel &#8220;Cr\u00e9ditos de carbon: desaf\u00edos y oportunidades para el sector forestal.&#8221;<\/figcaption><\/figure>\n\n\n\n<figure class=\"wp-block-image size-large\"><img decoding=\"async\" width=\"770\" height=\"1024\" data-id=\"964\" src=\"https:\/\/forestalsylvis.com\/wp-content\/uploads\/2025\/09\/Screenshot-2025-09-14-at-10.49.52-770x1024.png\" alt=\"\" class=\"wp-image-964\" srcset=\"https:\/\/forestalsylvis.com\/wp-content\/uploads\/2025\/09\/Screenshot-2025-09-14-at-10.49.52-770x1024.png 770w, https:\/\/forestalsylvis.com\/wp-content\/uploads\/2025\/09\/Screenshot-2025-09-14-at-10.49.52-225x300.png 225w, https:\/\/forestalsylvis.com\/wp-content\/uploads\/2025\/09\/Screenshot-2025-09-14-at-10.49.52-768x1022.png 768w, https:\/\/forestalsylvis.com\/wp-content\/uploads\/2025\/09\/Screenshot-2025-09-14-at-10.49.52-1154x1536.png 1154w, https:\/\/forestalsylvis.com\/wp-content\/uploads\/2025\/09\/Screenshot-2025-09-14-at-10.49.52-9x12.png 9w, https:\/\/forestalsylvis.com\/wp-content\/uploads\/2025\/09\/Screenshot-2025-09-14-at-10.49.52.png 1470w\" sizes=\"(max-width: 770px) 100vw, 770px\" \/><figcaption class=\"wp-element-caption\">Ra\u00fal Gauto participando del panel &#8220;La industria de la madera s\u00f3lida, celulosa y compensados&#8221;.<\/figcaption><\/figure>\n<\/figure>\n\n\n\n<p>Beyond our institutional presence, the Expo was an opportunity to highlight the real potential of the sector. According to data presented by INFONA, Paraguay is registering more than <strong>70,000 hectares of new plantations each year<\/strong>, mainly along the so-called <strong>Wood Corridor<\/strong>, which accounts for 70% of the planted area. The country already has <strong>over 500 forestry-related industries<\/strong>, though they operate at just 50% of capacity due to lack of raw material. The sector directly generates <strong>5,890 jobs in industry<\/strong> and thousands more across its value chain. Most importantly, Paraguay has more than <strong>8 million hectares suitable for plantations<\/strong>, without competing with other productive sectors.<\/p>\n\n\n\n<p>These numbers confirm that Paraguay has what it takes to become a competitive global forestry hub, capable of attracting international capital, creating skilled jobs for young people, and diversifying its economy. The challenge now is to continue professionalizing operations, securing international certifications such as FSC, and aligning every project with the triple bottom line of economic, social, and environmental impact demanded by global markets.<\/p>\n\n\n\n<p>At Forestal Sylvis, we believe this path is only beginning. Expo Madera not only allowed us to showcase our work and exchange knowledge with colleagues and authorities, but also reaffirmed that Paraguay\u2019s forestry opportunity is already underway.<\/p>","protected":false},"excerpt":{"rendered":"<p>The 5th edition of Expo Madera once again demonstrated that Paraguay\u2019s forestry sector is entering a decisive stage. Each year, the event brings together companies, experts, and institutions to discuss the present and future of an industry that is increasingly becoming a driver of jobs, innovation, and sustainable development. Forestal Sylvis and bicomplejo petricor shared [&hellip;]<\/p>","protected":false},"author":2,"featured_media":962,"comment_status":"open","ping_status":"open","sticky":false,"template":"","format":"standard","meta":{"footnotes":""},"categories":[20],"tags":[15,16],"class_list":["post-959","post","type-post","status-publish","format-standard","has-post-thumbnail","hentry","category-industry-sector-development","tag-expo","tag-madera"],"_links":{"self":[{"href":"https:\/\/forestalsylvis.com\/pt\/wp-json\/wp\/v2\/posts\/959","targetHints":{"allow":["GET"]}}],"collection":[{"href":"https:\/\/forestalsylvis.com\/pt\/wp-json\/wp\/v2\/posts"}],"about":[{"href":"https:\/\/forestalsylvis.com\/pt\/wp-json\/wp\/v2\/types\/post"}],"author":[{"embeddable":true,"href":"https:\/\/forestalsylvis.com\/pt\/wp-json\/wp\/v2\/users\/2"}],"replies":[{"embeddable":true,"href":"https:\/\/forestalsylvis.com\/pt\/wp-json\/wp\/v2\/comments?post=959"}],"version-history":[{"count":2,"href":"https:\/\/forestalsylvis.com\/pt\/wp-json\/wp\/v2\/posts\/959\/revisions"}],"predecessor-version":[{"id":967,"href":"https:\/\/forestalsylvis.com\/pt\/wp-json\/wp\/v2\/posts\/959\/revisions\/967"}],"wp:featuredmedia":[{"embeddable":true,"href":"https:\/\/forestalsylvis.com\/pt\/wp-json\/wp\/v2\/media\/962"}],"wp:attachment":[{"href":"https:\/\/forestalsylvis.com\/pt\/wp-json\/wp\/v2\/media?parent=959"}],"wp:term":[{"taxonomy":"category","embeddable":true,"href":"https:\/\/forestalsylvis.com\/pt\/wp-json\/wp\/v2\/categories?post=959"},{"taxonomy":"post_tag","embeddable":true,"href":"https:\/\/forestalsylvis.com\/pt\/wp-json\/wp\/v2\/tags?post=959"}],"curies":[{"name":"wp","href":"https:\/\/api.w.org\/{rel}","templated":true}]}}